{"id":1,"name":"E\u011fitim Programlar\u0131 ve \u00d6\u011fretim Derne\u011fi","url":"https:\/\/ijocis.epo-der.org","description":"","link":"https:\/\/ijocis.epo-der.org\/en\/author\/epder_ijocisadmin\/","slug":"epder_ijocisadmin","avatar_urls":{"24":"https:\/\/ijocis.epo-der.org\/wp-content\/litespeed\/avatar\/ee7af2d87d81f4510081eefee893a4e6.jpg?ver=1777626964","48":"https:\/\/ijocis.epo-der.org\/wp-content\/litespeed\/avatar\/134b0a4df0bf3ddb12d0222f702093a9.jpg?ver=1777626963","96":"https:\/\/ijocis.epo-der.org\/wp-content\/litespeed\/avatar\/d5c99a41375f78fed07df8f4d01391b2.jpg?ver=1777626963"},"meta":{"jetpack_donation_warning_dismissed":false},"_links":{"self":[{"href":"https:\/\/ijocis.epo-der.org\/en\/wp-json\/wp\/v2\/users\/1","targetHints":{"allow":["GET"]}}],"collection":[{"href":"https:\/\/ijocis.epo-der.org\/en\/wp-json\/wp\/v2\/users"}]}}